{"id":27727,"date":"2020-11-04T12:00:25","date_gmt":"2020-11-04T17:00:25","guid":{"rendered":"https:\/\/heaf.org\/?p=27727"},"modified":"2022-02-02T11:06:00","modified_gmt":"2022-02-02T16:06:00","slug":"deep-discussions-around-broadband-around-equity-issues","status":"publish","type":"post","link":"https:\/\/heaf.org\/es\/deep-discussions-around-broadband-around-equity-issues\/","title":{"rendered":"Discusiones profundas sobre la banda ancha como un problema de equidad, impulsando la equidad en la cartera de talentos y cerrando brechas en educaci\u00f3n y oportunidades en la Gala 2020 de HEAF"},"content":{"rendered":"<p>[et_pb_section fb_built=&#8221;1&#8243; _builder_version=&#8221;4.10.0&#8243; _module_preset=&#8221;default&#8221; global_colors_info=&#8221;{}&#8221;][et_pb_row column_structure=&#8221;2_5,3_5&#8243; _builder_version=&#8221;4.10.0&#8243; _module_preset=&#8221;default&#8221; global_colors_info=&#8221;{}&#8221;][et_pb_column type=&#8221;2_5&#8243; _builder_version=&#8221;4.10.0&#8243; _module_preset=&#8221;default&#8221; global_colors_info=&#8221;{}&#8221;][et_pb_image src=&#8221;https:\/\/heaf.org\/wp-content\/uploads\/2021\/10\/heaf_gala_2020_robert-f-smith_2020-10-28_953x525.png&#8221; alt=&#8221;Robert F. Smith Speaking at the HEAF 2020 Gala&#8221; title_text=&#8221;HEAF Gala 2020 Robert F. Smith&#8221; _builder_version=&#8221;4.11.1&#8243; _module_preset=&#8221;default&#8221; global_colors_info=&#8221;{}&#8221;][\/et_pb_image][\/et_pb_column][et_pb_column type=&#8221;3_5&#8243; _builder_version=&#8221;4.10.0&#8243; _module_preset=&#8221;default&#8221; global_colors_info=&#8221;{}&#8221;][et_pb_text _builder_version=&#8221;4.11.4&#8243; _module_preset=&#8221;default&#8221; custom_padding=&#8221;|5%||5%|false|true&#8221; global_colors_info=&#8221;{}&#8221;]<\/p>\n<p>New York, NY \u2013 November 4, 2020: School has been interrupted, but learning and fundraising have not. The Harlem Educational Activities Fund (<a title=\"Harlem Educational Activities Fund\" href=\"https:\/\/heaf.org\">HEAF<\/a>) marched onward with its first virtual Gala to celebrate the contributions of education\u2019s innovators and discuss disruptors that have the potential to roadblock vulnerable learners.<\/p>\n<p><p>2020 Gala Honoree Eric Schmidt, former Chairman &amp; CEO of Google and Co-Founder of <a href=\"https:\/\/schmidtfutures.com\/our-method\/our-people\/\">Schmidt Futures<\/a>, was introduced by 2019 Honoree <a href=\"https:\/\/robertsmith.com\/\">Robert F. Smith<\/a>, Founder, Chairman and CEO of <a href=\"https:\/\/www.vistaequitypartners.com\/\">Vista Equity Partners<\/a>. Fareed Zakaria, Washington Post columnist and CNN commentator, interviewed Schmidt regarding his current and future projects.<\/p>\n<p><a href=\"https:\/\/heaf.org\/wp-content\/uploads\/2021\/10\/HEAF-Gala-2020-Deep-Discussions-Around-Equity-Issues.pdf\">Read the Full Article<\/a><\/p>\n<p>[\/et_pb_text][\/et_pb_column][\/et_pb_row][\/et_pb_section]<\/p>\n","protected":false},"excerpt":{"rendered":"<p>Nueva York, NY \u2013 4 de noviembre de 2020: Se interrumpieron las clases, pero no el aprendizaje ni la recaudaci\u00f3n de fondos. El Fondo de Actividades Educativas de Harlem (HEAF) sigui\u00f3 adelante con su primera Gala virtual para celebrar las contribuciones de los innovadores de la educaci\u00f3n y discutir los disruptores que tienen el potencial de obstaculizar a los estudiantes vulnerables.<\/p>\n<p>El homenajeado de gala de 2020 Eric Schmidt, ex presidente y director ejecutivo de Google y cofundador de Schmidt Futures, fue presentado por el homenajeado de 2019 Robert F. Smith, fundador, presidente y director ejecutivo de Vista Equity Partners. Fareed Zakaria, columnista del Washington Post y comentarista de CNN, entrevist\u00f3 a Schmidt sobre sus proyectos actuales y futuros.<\/p>","protected":false},"author":3,"featured_media":0,"comment_status":"closed","ping_status":"closed","sticky":false,"template":"","format":"standard","meta":{"_et_pb_use_builder":"on","_et_pb_old_content":"<!-- wp:divi\/placeholder \/-->","_et_gb_content_width":"","_jetpack_newsletter_access":"","_jetpack_dont_email_post_to_subs":false,"_jetpack_newsletter_tier_id":0,"_jetpack_memberships_contains_paywalled_content":false,"_jetpack_memberships_contains_paid_content":false,"footnotes":""},"categories":[54],"tags":[],"class_list":["post-27727","post","type-post","status-publish","format-standard","hentry","category-news-and-views"],"yoast_head":"<!-- This site is optimized with the Yoast SEO plugin v28.3 - https:\/\/yoast.com\/product\/yoast-seo-wordpress\/ -->\n<title>Deep Discussions around Broadband as an Equity Issue, Driving for Equity in the Talent Pipeline and Bridging Gaps in Education and Opportunity at HEAF\u2019s 2020 Gala - HEAF<\/title>\n<meta name=\"description\" content=\"HEAF\u2019s Gala featured discussions around Broadband Equity Issues, Driving for Equity in the Talent Pipeline and Bridging Gaps in Education and Opportunity.\" \/>\n<meta name=\"robots\" content=\"index, follow, max-snippet:-1, max-image-preview:large, max-video-preview:-1\" \/>\n<link rel=\"canonical\" href=\"https:\/\/heaf.org\/es\/deep-discussions-around-broadband-around-equity-issues\/\" \/>\n<meta property=\"og:locale\" content=\"es_ES\" \/>\n<meta property=\"og:type\" content=\"article\" \/>\n<meta property=\"og:title\" content=\"Deep Discussions around Broadband as an Equity Issue, Driving for Equity in the Talent Pipeline and Bridging Gaps in Education and Opportunity at HEAF\u2019s 2020 Gala - HEAF\" \/>\n<meta property=\"og:description\" content=\"HEAF\u2019s Gala featured discussions around Broadband Equity Issues, Driving for Equity in the Talent Pipeline and Bridging Gaps in Education and Opportunity.\" \/>\n<meta property=\"og:url\" content=\"https:\/\/heaf.org\/es\/deep-discussions-around-broadband-around-equity-issues\/\" \/>\n<meta property=\"og:site_name\" content=\"HEAF\" \/>\n<meta property=\"article:publisher\" content=\"https:\/\/www.facebook.com\/HEAFNYC\" \/>\n<meta property=\"article:published_time\" content=\"2020-11-04T17:00:25+00:00\" \/>\n<meta property=\"article:modified_time\" content=\"2022-02-02T16:06:00+00:00\" \/>\n<meta name=\"author\" content=\"Stefin Woolever\" \/>\n<meta name=\"twitter:card\" content=\"summary_large_image\" \/>\n<meta name=\"twitter:creator\" content=\"@heafnyc\" \/>\n<meta name=\"twitter:site\" content=\"@heafnyc\" \/>\n<meta name=\"twitter:label1\" content=\"Written by\" \/>\n\t<meta name=\"twitter:data1\" content=\"Stefin Woolever\" \/>\n\t<meta name=\"twitter:label2\" content=\"Est. reading time\" \/>\n\t<meta name=\"twitter:data2\" content=\"1 minuto\" \/>\n<script type=\"application\/ld+json\" class=\"yoast-schema-graph\">{\"@context\":\"https:\\\/\\\/schema.org\",\"@graph\":[{\"@type\":\"Article\",\"@id\":\"https:\\\/\\\/heaf.org\\\/deep-discussions-around-broadband-around-equity-issues\\\/#article\",\"isPartOf\":{\"@id\":\"https:\\\/\\\/heaf.org\\\/deep-discussions-around-broadband-around-equity-issues\\\/\"},\"author\":{\"name\":\"Stefin Woolever\",\"@id\":\"https:\\\/\\\/heaf.org\\\/#\\\/schema\\\/person\\\/b53a0c330949afebfe44dd2a4892fa68\"},\"headline\":\"Deep Discussions around Broadband as an Equity Issue, Driving for Equity in the Talent Pipeline and Bridging Gaps in Education and Opportunity at HEAF\u2019s 2020 Gala\",\"datePublished\":\"2020-11-04T17:00:25+00:00\",\"dateModified\":\"2022-02-02T16:06:00+00:00\",\"mainEntityOfPage\":{\"@id\":\"https:\\\/\\\/heaf.org\\\/deep-discussions-around-broadband-around-equity-issues\\\/\"},\"wordCount\":245,\"publisher\":{\"@id\":\"https:\\\/\\\/heaf.org\\\/#organization\"},\"articleSection\":[\"News &amp; Views\"],\"inLanguage\":\"es\"},{\"@type\":\"WebPage\",\"@id\":\"https:\\\/\\\/heaf.org\\\/deep-discussions-around-broadband-around-equity-issues\\\/\",\"url\":\"https:\\\/\\\/heaf.org\\\/deep-discussions-around-broadband-around-equity-issues\\\/\",\"name\":\"Deep Discussions around Broadband as an Equity Issue, Driving for Equity in the Talent Pipeline and Bridging Gaps in Education and Opportunity at HEAF\u2019s 2020 Gala - HEAF\",\"isPartOf\":{\"@id\":\"https:\\\/\\\/heaf.org\\\/#website\"},\"datePublished\":\"2020-11-04T17:00:25+00:00\",\"dateModified\":\"2022-02-02T16:06:00+00:00\",\"description\":\"HEAF\u2019s Gala featured discussions around Broadband Equity Issues, Driving for Equity in the Talent Pipeline and Bridging Gaps in Education and Opportunity.\",\"breadcrumb\":{\"@id\":\"https:\\\/\\\/heaf.org\\\/deep-discussions-around-broadband-around-equity-issues\\\/#breadcrumb\"},\"inLanguage\":\"es\",\"potentialAction\":[{\"@type\":\"ReadAction\",\"target\":[\"https:\\\/\\\/heaf.org\\\/deep-discussions-around-broadband-around-equity-issues\\\/\"]}]},{\"@type\":\"BreadcrumbList\",\"@id\":\"https:\\\/\\\/heaf.org\\\/deep-discussions-around-broadband-around-equity-issues\\\/#breadcrumb\",\"itemListElement\":[{\"@type\":\"ListItem\",\"position\":1,\"name\":\"Home\",\"item\":\"https:\\\/\\\/heaf.org\\\/\"},{\"@type\":\"ListItem\",\"position\":2,\"name\":\"Deep Discussions around Broadband as an Equity Issue, Driving for Equity in the Talent Pipeline and Bridging Gaps in Education and Opportunity at HEAF\u2019s 2020 Gala\"}]},{\"@type\":\"WebSite\",\"@id\":\"https:\\\/\\\/heaf.org\\\/#website\",\"url\":\"https:\\\/\\\/heaf.org\\\/\",\"name\":\"HEAF\",\"description\":\"Harlem Educational Activities Fund\",\"publisher\":{\"@id\":\"https:\\\/\\\/heaf.org\\\/#organization\"},\"potentialAction\":[{\"@type\":\"SearchAction\",\"target\":{\"@type\":\"EntryPoint\",\"urlTemplate\":\"https:\\\/\\\/heaf.org\\\/?s={search_term_string}\"},\"query-input\":{\"@type\":\"PropertyValueSpecification\",\"valueRequired\":true,\"valueName\":\"search_term_string\"}}],\"inLanguage\":\"es\"},{\"@type\":\"Organization\",\"@id\":\"https:\\\/\\\/heaf.org\\\/#organization\",\"name\":\"HEAF\",\"url\":\"https:\\\/\\\/heaf.org\\\/\",\"logo\":{\"@type\":\"ImageObject\",\"inLanguage\":\"es\",\"@id\":\"https:\\\/\\\/heaf.org\\\/#\\\/schema\\\/logo\\\/image\\\/\",\"url\":\"https:\\\/\\\/heaf.org\\\/wp-content\\\/uploads\\\/2021\\\/09\\\/HEAF-mobile-logo1.jpg\",\"contentUrl\":\"https:\\\/\\\/heaf.org\\\/wp-content\\\/uploads\\\/2021\\\/09\\\/HEAF-mobile-logo1.jpg\",\"width\":594,\"height\":157,\"caption\":\"HEAF\"},\"image\":{\"@id\":\"https:\\\/\\\/heaf.org\\\/#\\\/schema\\\/logo\\\/image\\\/\"},\"sameAs\":[\"https:\\\/\\\/www.facebook.com\\\/HEAFNYC\",\"https:\\\/\\\/x.com\\\/heafnyc\",\"https:\\\/\\\/www.instagram.com\\\/heafnyc\",\"https:\\\/\\\/linkedin.com\\\/company\\\/heaf-inc.\",\"https:\\\/\\\/www.youtube.com\\\/channel\\\/UCOGiv6rIuT_-gkFE0RQfKag\\\/videos\"]},{\"@type\":\"Person\",\"@id\":\"https:\\\/\\\/heaf.org\\\/#\\\/schema\\\/person\\\/b53a0c330949afebfe44dd2a4892fa68\",\"name\":\"Stefin Woolever\",\"image\":{\"@type\":\"ImageObject\",\"inLanguage\":\"es\",\"@id\":\"https:\\\/\\\/secure.gravatar.com\\\/avatar\\\/f2525a7e844acfc368467d41a5290ae8b97e96acb5eb1bcc9ba4bc3be4fc2b8c?s=96&d=mm&r=g\",\"url\":\"https:\\\/\\\/secure.gravatar.com\\\/avatar\\\/f2525a7e844acfc368467d41a5290ae8b97e96acb5eb1bcc9ba4bc3be4fc2b8c?s=96&d=mm&r=g\",\"contentUrl\":\"https:\\\/\\\/secure.gravatar.com\\\/avatar\\\/f2525a7e844acfc368467d41a5290ae8b97e96acb5eb1bcc9ba4bc3be4fc2b8c?s=96&d=mm&r=g\",\"caption\":\"Stefin Woolever\"}}]}<\/script>\n<!-- \/ Yoast SEO plugin. -->","yoast_head_json":{"title":"Debates profundos sobre la banda ancha como cuesti\u00f3n de equidad, el impulso a la equidad en la formaci\u00f3n de talento y la superaci\u00f3n de las desigualdades en educaci\u00f3n y oportunidades en la Gala 2020 de HEAF - HEAF","description":"La gala de HEAF incluy\u00f3 debates sobre cuestiones de equidad en el acceso a la banda ancha, el impulso de la equidad en la formaci\u00f3n de talento y la superaci\u00f3n de las desigualdades en educaci\u00f3n y oportunidades.","robots":{"index":"index","follow":"follow","max-snippet":"max-snippet:-1","max-image-preview":"max-image-preview:large","max-video-preview":"max-video-preview:-1"},"canonical":"https:\/\/heaf.org\/es\/deep-discussions-around-broadband-around-equity-issues\/","og_locale":"es_ES","og_type":"article","og_title":"Deep Discussions around Broadband as an Equity Issue, Driving for Equity in the Talent Pipeline and Bridging Gaps in Education and Opportunity at HEAF\u2019s 2020 Gala - HEAF","og_description":"HEAF\u2019s Gala featured discussions around Broadband Equity Issues, Driving for Equity in the Talent Pipeline and Bridging Gaps in Education and Opportunity.","og_url":"https:\/\/heaf.org\/es\/deep-discussions-around-broadband-around-equity-issues\/","og_site_name":"HEAF","article_publisher":"https:\/\/www.facebook.com\/HEAFNYC","article_published_time":"2020-11-04T17:00:25+00:00","article_modified_time":"2022-02-02T16:06:00+00:00","author":"Stefin Woolever","twitter_card":"summary_large_image","twitter_creator":"@heafnyc","twitter_site":"@heafnyc","twitter_misc":{"Written by":"Stefin Woolever","Est. reading time":"1 minuto"},"schema":{"@context":"https:\/\/schema.org","@graph":[{"@type":"Article","@id":"https:\/\/heaf.org\/deep-discussions-around-broadband-around-equity-issues\/#article","isPartOf":{"@id":"https:\/\/heaf.org\/deep-discussions-around-broadband-around-equity-issues\/"},"author":{"name":"Stefin Woolever","@id":"https:\/\/heaf.org\/#\/schema\/person\/b53a0c330949afebfe44dd2a4892fa68"},"headline":"Deep Discussions around Broadband as an Equity Issue, Driving for Equity in the Talent Pipeline and Bridging Gaps in Education and Opportunity at HEAF\u2019s 2020 Gala","datePublished":"2020-11-04T17:00:25+00:00","dateModified":"2022-02-02T16:06:00+00:00","mainEntityOfPage":{"@id":"https:\/\/heaf.org\/deep-discussions-around-broadband-around-equity-issues\/"},"wordCount":245,"publisher":{"@id":"https:\/\/heaf.org\/#organization"},"articleSection":["News &amp; Views"],"inLanguage":"es"},{"@type":"WebPage","@id":"https:\/\/heaf.org\/deep-discussions-around-broadband-around-equity-issues\/","url":"https:\/\/heaf.org\/deep-discussions-around-broadband-around-equity-issues\/","name":"Debates profundos sobre la banda ancha como cuesti\u00f3n de equidad, el impulso a la equidad en la formaci\u00f3n de talento y la superaci\u00f3n de las desigualdades en educaci\u00f3n y oportunidades en la Gala 2020 de HEAF - HEAF","isPartOf":{"@id":"https:\/\/heaf.org\/#website"},"datePublished":"2020-11-04T17:00:25+00:00","dateModified":"2022-02-02T16:06:00+00:00","description":"La gala de HEAF incluy\u00f3 debates sobre cuestiones de equidad en el acceso a la banda ancha, el impulso de la equidad en la formaci\u00f3n de talento y la superaci\u00f3n de las desigualdades en educaci\u00f3n y oportunidades.","breadcrumb":{"@id":"https:\/\/heaf.org\/deep-discussions-around-broadband-around-equity-issues\/#breadcrumb"},"inLanguage":"es","potentialAction":[{"@type":"ReadAction","target":["https:\/\/heaf.org\/deep-discussions-around-broadband-around-equity-issues\/"]}]},{"@type":"BreadcrumbList","@id":"https:\/\/heaf.org\/deep-discussions-around-broadband-around-equity-issues\/#breadcrumb","itemListElement":[{"@type":"ListItem","position":1,"name":"Home","item":"https:\/\/heaf.org\/"},{"@type":"ListItem","position":2,"name":"Deep Discussions around Broadband as an Equity Issue, Driving for Equity in the Talent Pipeline and Bridging Gaps in Education and Opportunity at HEAF\u2019s 2020 Gala"}]},{"@type":"WebSite","@id":"https:\/\/heaf.org\/#website","url":"https:\/\/heaf.org\/","name":"Pez","description":"Fondo de Actividades Educativas de Harlem","publisher":{"@id":"https:\/\/heaf.org\/#organization"},"potentialAction":[{"@type":"SearchAction","target":{"@type":"EntryPoint","urlTemplate":"https:\/\/heaf.org\/?s={search_term_string}"},"query-input":{"@type":"PropertyValueSpecification","valueRequired":true,"valueName":"search_term_string"}}],"inLanguage":"es"},{"@type":"Organization","@id":"https:\/\/heaf.org\/#organization","name":"Pez","url":"https:\/\/heaf.org\/","logo":{"@type":"ImageObject","inLanguage":"es","@id":"https:\/\/heaf.org\/#\/schema\/logo\/image\/","url":"https:\/\/heaf.org\/wp-content\/uploads\/2021\/09\/HEAF-mobile-logo1.jpg","contentUrl":"https:\/\/heaf.org\/wp-content\/uploads\/2021\/09\/HEAF-mobile-logo1.jpg","width":594,"height":157,"caption":"HEAF"},"image":{"@id":"https:\/\/heaf.org\/#\/schema\/logo\/image\/"},"sameAs":["https:\/\/www.facebook.com\/HEAFNYC","https:\/\/x.com\/heafnyc","https:\/\/www.instagram.com\/heafnyc","https:\/\/linkedin.com\/company\/heaf-inc.","https:\/\/www.youtube.com\/channel\/UCOGiv6rIuT_-gkFE0RQfKag\/videos"]},{"@type":"Person","@id":"https:\/\/heaf.org\/#\/schema\/person\/b53a0c330949afebfe44dd2a4892fa68","name":"Stefin Woolever","image":{"@type":"ImageObject","inLanguage":"es","@id":"https:\/\/secure.gravatar.com\/avatar\/f2525a7e844acfc368467d41a5290ae8b97e96acb5eb1bcc9ba4bc3be4fc2b8c?s=96&d=mm&r=g","url":"https:\/\/secure.gravatar.com\/avatar\/f2525a7e844acfc368467d41a5290ae8b97e96acb5eb1bcc9ba4bc3be4fc2b8c?s=96&d=mm&r=g","contentUrl":"https:\/\/secure.gravatar.com\/avatar\/f2525a7e844acfc368467d41a5290ae8b97e96acb5eb1bcc9ba4bc3be4fc2b8c?s=96&d=mm&r=g","caption":"Stefin Woolever"}}]}},"jetpack_sharing_enabled":true,"jetpack_featured_media_url":"","_links":{"self":[{"href":"https:\/\/heaf.org\/es\/wp-json\/wp\/v2\/posts\/27727","targetHints":{"allow":["GET"]}}],"collection":[{"href":"https:\/\/heaf.org\/es\/wp-json\/wp\/v2\/posts"}],"about":[{"href":"https:\/\/heaf.org\/es\/wp-json\/wp\/v2\/types\/post"}],"author":[{"embeddable":true,"href":"https:\/\/heaf.org\/es\/wp-json\/wp\/v2\/users\/3"}],"replies":[{"embeddable":true,"href":"https:\/\/heaf.org\/es\/wp-json\/wp\/v2\/comments?post=27727"}],"version-history":[{"count":15,"href":"https:\/\/heaf.org\/es\/wp-json\/wp\/v2\/posts\/27727\/revisions"}],"predecessor-version":[{"id":27988,"href":"https:\/\/heaf.org\/es\/wp-json\/wp\/v2\/posts\/27727\/revisions\/27988"}],"wp:attachment":[{"href":"https:\/\/heaf.org\/es\/wp-json\/wp\/v2\/media?parent=27727"}],"wp:term":[{"taxonomy":"category","embeddable":true,"href":"https:\/\/heaf.org\/es\/wp-json\/wp\/v2\/categories?post=27727"},{"taxonomy":"post_tag","embeddable":true,"href":"https:\/\/heaf.org\/es\/wp-json\/wp\/v2\/tags?post=27727"}],"curies":[{"name":"gracias","href":"https:\/\/api.w.org\/{rel}","templated":true}]}}